{"id":767,"date":"2024-03-05T21:16:22","date_gmt":"2024-03-05T20:16:22","guid":{"rendered":"https:\/\/www.sachsen.schule\/~humboldt-leipzig\/?p=767"},"modified":"2025-08-29T08:31:23","modified_gmt":"2025-08-29T06:31:23","slug":"humboldt-schulsiegerin-im-finale-des-regionalwettbewerbs-von-jugend-debattiert","status":"publish","type":"post","link":"https:\/\/www.sachsen.schule\/~humboldt-leipzig\/humboldt-schulsiegerin-im-finale-des-regionalwettbewerbs-von-jugend-debattiert\/","title":{"rendered":"Humboldt-Schulsiegerin im Finale des Regionalwettbewerbs von \u201eJugend debattiert\u201c"},"content":{"rendered":"[vc_row type=&#8220;in_container&#8220; full_screen_row_position=&#8220;middle&#8220; column_margin=&#8220;default&#8220; column_direction=&#8220;default&#8220; column_direction_tablet=&#8220;default&#8220; column_direction_phone=&#8220;default&#8220; scene_position=&#8220;center&#8220; text_color=&#8220;dark&#8220; text_align=&#8220;left&#8220; row_border_radius=&#8220;none&#8220; row_border_radius_applies=&#8220;bg&#8220; overflow=&#8220;visible&#8220; overlay_strength=&#8220;0.3&#8243; gradient_direction=&#8220;left_to_right&#8220; shape_divider_position=&#8220;bottom&#8220; bg_image_animation=&#8220;none&#8220;][vc_column column_padding=&#8220;no-extra-padding&#8220; column_padding_tablet=&#8220;inherit&#8220; column_padding_phone=&#8220;inherit&#8220; column_padding_position=&#8220;all&#8220; column_element_direction_desktop=&#8220;default&#8220; column_element_spacing=&#8220;default&#8220; desktop_text_alignment=&#8220;default&#8220; tablet_text_alignment=&#8220;default&#8220; phone_text_alignment=&#8220;default&#8220; background_color_opacity=&#8220;1&#8243; background_hover_color_opacity=&#8220;1&#8243; column_backdrop_filter=&#8220;none&#8220; column_shadow=&#8220;none&#8220; column_border_radius=&#8220;none&#8220; column_link_target=&#8220;_self&#8220; column_position=&#8220;default&#8220; gradient_direction=&#8220;left_to_right&#8220; overlay_strength=&#8220;0.3&#8243; width=&#8220;1\/1&#8243; tablet_width_inherit=&#8220;default&#8220; animation_type=&#8220;default&#8220; bg_image_animation=&#8220;none&#8220; border_type=&#8220;simple&#8220; column_border_width=&#8220;none&#8220; column_border_style=&#8220;solid&#8220;][vc_column_text]\n<p>Am 27.02.2024 nahmen drei Sch\u00fclerinnen und Sch\u00fcler der Humboldtschule am Regionalwettbewerb von \u201eJugend debattiert\u201c teil. In der Altersklasse 1 traten Greta Ende (8\/4) und Pia Horn (8\/5) an, in der Altersklasse 2 vertrat Philip Pre\u00dfler (10\/5) unsere Schule.<\/p>\n\n<p>In zwei Vorrunden konnten sich unsere Debattanten mit den Kandidaten der anderen Leipziger Schulen messen. Sie debattierten beispielsweise, ob In-App-K\u00e4ufe in Videospielen f\u00fcr Minderj\u00e4hrige verboten werden sollten (Altersklasse 2) oder ob in Schwimmb\u00e4dern eine fl\u00e4chendeckende Video\u00fcberwachung eingef\u00fchrt werden soll (Altersklasse 1).<\/p>\n\n<p>Nach den Vorrunden durften sich die ca. 70 beteiligten Debattant:innen und Juror:innen in der Mensa der Universit\u00e4t Leipzig st\u00e4rken. Die Spannung stieg, denn gegen 13 Uhr wurde verk\u00fcndet, wer von den jeweils 16 Teilnehmenden den Einzug ins Finale geschafft hatte. Alle freuten sich riesig, dass unsere Schulsiegerin Greta auch in der Regionalgruppe Leipzig \u00fcberzeugen konnte \u2013 sie stand im Finale! Auf Position Contra 2 debattierte sie vor ca. 500 Zuschauern im Audimax, dem gr\u00f6\u00dften H\u00f6rsaal der Universit\u00e4t, das Thema \u201eSollten Jugendliche dazu verpflichtet werden, sich bei der Feuerwehr zu engagieren?\u201c.<\/p>\n\n<p>Am Ende erreichte Greta den 3. Platz, wozu wir herzlich gratulieren. Wir freuen uns besonders \u00fcber Gretas Erfolg, weil wir erst seit diesem Schuljahr zu den deutschlandweit ca. 1500 Jugend-debattiert-Schulen geh\u00f6ren und zum ersten Mal an einem Regionalwettbewerb teilgenommen haben.<\/p>\n<blockquote>\n\n<p><strong>Auch nach dem Regionalwettbewerb geht das Debattieren an der Humboldtschule weiter. F\u00fcr alle Interessenten ab Klassenstufe 7 findet immer donnerstags in der B-Woche von 15:20 \u2013 16:05 Uhr der Debattierclub im Raum 1211 statt.<\/strong><\/p>\n<\/blockquote>\n<p>&nbsp;<\/p>\n[\/vc_column_text][\/vc_column][\/vc_row][vc_row type=&#8220;in_container&#8220; full_screen_row_position=&#8220;middle&#8220; column_margin=&#8220;default&#8220; column_direction=&#8220;default&#8220; column_direction_tablet=&#8220;default&#8220; column_direction_phone=&#8220;default&#8220; scene_position=&#8220;center&#8220; text_color=&#8220;dark&#8220; text_align=&#8220;left&#8220; row_border_radius=&#8220;none&#8220; row_border_radius_applies=&#8220;bg&#8220; overflow=&#8220;visible&#8220; overlay_strength=&#8220;0.3&#8243; gradient_direction=&#8220;left_to_right&#8220; shape_divider_position=&#8220;bottom&#8220; bg_image_animation=&#8220;none&#8220;][vc_column column_padding=&#8220;no-extra-padding&#8220; column_padding_tablet=&#8220;inherit&#8220; column_padding_phone=&#8220;inherit&#8220; column_padding_position=&#8220;all&#8220; column_element_direction_desktop=&#8220;default&#8220; column_element_spacing=&#8220;default&#8220; desktop_text_alignment=&#8220;default&#8220; tablet_text_alignment=&#8220;default&#8220; phone_text_alignment=&#8220;default&#8220; background_color_opacity=&#8220;1&#8243; background_hover_color_opacity=&#8220;1&#8243; column_backdrop_filter=&#8220;none&#8220; column_shadow=&#8220;none&#8220; column_border_radius=&#8220;none&#8220; column_link_target=&#8220;_self&#8220; column_position=&#8220;default&#8220; gradient_direction=&#8220;left_to_right&#8220; overlay_strength=&#8220;0.3&#8243; width=&#8220;1\/2&#8243; tablet_width_inherit=&#8220;default&#8220; animation_type=&#8220;default&#8220; bg_image_animation=&#8220;none&#8220; border_type=&#8220;simple&#8220; column_border_width=&#8220;none&#8220; column_border_style=&#8220;solid&#8220;][image_with_animation image_url=&#8220;769&#8243; image_size=&#8220;full&#8220; animation_type=&#8220;entrance&#8220; animation=&#8220;None&#8220; animation_movement_type=&#8220;transform_y&#8220; hover_animation=&#8220;none&#8220; alignment=&#8220;&#8220; border_radius=&#8220;none&#8220; box_shadow=&#8220;none&#8220; image_loading=&#8220;default&#8220; max_width=&#8220;100%&#8220; max_width_mobile=&#8220;default&#8220;][\/vc_column][vc_column column_padding=&#8220;no-extra-padding&#8220; column_padding_tablet=&#8220;inherit&#8220; column_padding_phone=&#8220;inherit&#8220; column_padding_position=&#8220;all&#8220; column_element_direction_desktop=&#8220;default&#8220; column_element_spacing=&#8220;default&#8220; desktop_text_alignment=&#8220;default&#8220; tablet_text_alignment=&#8220;default&#8220; phone_text_alignment=&#8220;default&#8220; background_color_opacity=&#8220;1&#8243; background_hover_color_opacity=&#8220;1&#8243; column_backdrop_filter=&#8220;none&#8220; column_shadow=&#8220;none&#8220; column_border_radius=&#8220;none&#8220; column_link_target=&#8220;_self&#8220; column_position=&#8220;default&#8220; gradient_direction=&#8220;left_to_right&#8220; overlay_strength=&#8220;0.3&#8243; width=&#8220;1\/2&#8243; tablet_width_inherit=&#8220;default&#8220; animation_type=&#8220;default&#8220; bg_image_animation=&#8220;none&#8220; border_type=&#8220;simple&#8220; column_border_width=&#8220;none&#8220; column_border_style=&#8220;solid&#8220;][image_with_animation image_url=&#8220;770&#8243; image_size=&#8220;full&#8220; animation_type=&#8220;entrance&#8220; animation=&#8220;None&#8220; animation_movement_type=&#8220;transform_y&#8220; hover_animation=&#8220;none&#8220; alignment=&#8220;&#8220; border_radius=&#8220;none&#8220; box_shadow=&#8220;none&#8220; image_loading=&#8220;default&#8220; max_width=&#8220;100%&#8220; max_width_mobile=&#8220;default&#8220;][\/vc_column][\/vc_row]\n","protected":false},"excerpt":{"rendered":"<p>[vc_row type=&#8220;in_container&#8220; full_screen_row_position=&#8220;middle&#8220; column_margin=&#8220;default&#8220; column_direction=&#8220;default&#8220; column_direction_tablet=&#8220;default&#8220; column_direction_phone=&#8220;default&#8220; scene_position=&#8220;center&#8220; text_color=&#8220;dark&#8220; text_align=&#8220;left&#8220; row_border_radius=&#8220;none&#8220; row_border_radius_applies=&#8220;bg&#8220; overflow=&#8220;visible&#8220; overlay_strength=&#8220;0.3&#8243; gradient_direction=&#8220;left_to_right&#8220; shape_divider_position=&#8220;bottom&#8220; bg_image_animation=&#8220;none&#8220;][vc_column column_padding=&#8220;no-extra-padding&#8220; column_padding_tablet=&#8220;inherit&#8220; column_padding_phone=&#8220;inherit&#8220; column_padding_position=&#8220;all&#8220; column_element_direction_desktop=&#8220;default&#8220; column_element_spacing=&#8220;default&#8220; desktop_text_alignment=&#8220;default&#8220; tablet_text_alignment=&#8220;default&#8220; phone_text_alignment=&#8220;default&#8220; background_color_opacity=&#8220;1&#8243; background_hover_color_opacity=&#8220;1&#8243; column_backdrop_filter=&#8220;none&#8220; column_shadow=&#8220;none&#8220;&#8230;<\/p>\n","protected":false},"author":2,"featured_media":769,"comment_status":"closed","ping_status":"open","sticky":false,"template":"","format":"standard","meta":{"footnotes":""},"categories":[13,18],"tags":[31],"class_list":["post-767","post","type-post","status-publish","format-standard","has-post-thumbnail","category-gesellschaftswissenschaft","category-sprachen","tag-23-24"],"_links":{"self":[{"href":"https:\/\/www.sachsen.schule\/~humboldt-leipzig\/wp-json\/wp\/v2\/posts\/767","targetHints":{"allow":["GET"]}}],"collection":[{"href":"https:\/\/www.sachsen.schule\/~humboldt-leipzig\/wp-json\/wp\/v2\/posts"}],"about":[{"href":"https:\/\/www.sachsen.schule\/~humboldt-leipzig\/wp-json\/wp\/v2\/types\/post"}],"author":[{"embeddable":true,"href":"https:\/\/www.sachsen.schule\/~humboldt-leipzig\/wp-json\/wp\/v2\/users\/2"}],"replies":[{"embeddable":true,"href":"https:\/\/www.sachsen.schule\/~humboldt-leipzig\/wp-json\/wp\/v2\/comments?post=767"}],"version-history":[{"count":4,"href":"https:\/\/www.sachsen.schule\/~humboldt-leipzig\/wp-json\/wp\/v2\/posts\/767\/revisions"}],"predecessor-version":[{"id":779,"href":"https:\/\/www.sachsen.schule\/~humboldt-leipzig\/wp-json\/wp\/v2\/posts\/767\/revisions\/779"}],"wp:featuredmedia":[{"embeddable":true,"href":"https:\/\/www.sachsen.schule\/~humboldt-leipzig\/wp-json\/wp\/v2\/media\/769"}],"wp:attachment":[{"href":"https:\/\/www.sachsen.schule\/~humboldt-leipzig\/wp-json\/wp\/v2\/media?parent=767"}],"wp:term":[{"taxonomy":"category","embeddable":true,"href":"https:\/\/www.sachsen.schule\/~humboldt-leipzig\/wp-json\/wp\/v2\/categories?post=767"},{"taxonomy":"post_tag","embeddable":true,"href":"https:\/\/www.sachsen.schule\/~humboldt-leipzig\/wp-json\/wp\/v2\/tags?post=767"}],"curies":[{"name":"wp","href":"https:\/\/api.w.org\/{rel}","templated":true}]}}