{"id":1706,"date":"2025-01-08T07:57:56","date_gmt":"2025-01-08T06:57:56","guid":{"rendered":"https:\/\/www.sachsen.schule\/~humboldt-leipzig\/?p=1706"},"modified":"2025-08-29T08:35:46","modified_gmt":"2025-08-29T06:35:46","slug":"rechtsextremismus-in-deutschland-und-sachsen-panel-diskussion-mit-zwei-journalisten","status":"publish","type":"post","link":"https:\/\/www.sachsen.schule\/~humboldt-leipzig\/rechtsextremismus-in-deutschland-und-sachsen-panel-diskussion-mit-zwei-journalisten\/","title":{"rendered":"&#8222;Rechtsextremismus in Deutschland und Sachsen\u201c \u2013 Panel-Diskussion mit zwei Journalisten"},"content":{"rendered":"[vc_row type=&#8220;in_container&#8220; full_screen_row_position=&#8220;middle&#8220; column_margin=&#8220;default&#8220; column_direction=&#8220;default&#8220; column_direction_tablet=&#8220;default&#8220; column_direction_phone=&#8220;default&#8220; scene_position=&#8220;center&#8220; text_color=&#8220;dark&#8220; text_align=&#8220;left&#8220; row_border_radius=&#8220;none&#8220; row_border_radius_applies=&#8220;bg&#8220; overflow=&#8220;visible&#8220; overlay_strength=&#8220;0.3&#8243; gradient_direction=&#8220;left_to_right&#8220; shape_divider_position=&#8220;bottom&#8220; bg_image_animation=&#8220;none&#8220;][vc_column column_padding=&#8220;no-extra-padding&#8220; column_padding_tablet=&#8220;inherit&#8220; column_padding_phone=&#8220;inherit&#8220; column_padding_position=&#8220;all&#8220; column_element_direction_desktop=&#8220;default&#8220; column_element_spacing=&#8220;default&#8220; desktop_text_alignment=&#8220;default&#8220; tablet_text_alignment=&#8220;default&#8220; phone_text_alignment=&#8220;default&#8220; background_color_opacity=&#8220;1&#8243; background_hover_color_opacity=&#8220;1&#8243; column_backdrop_filter=&#8220;none&#8220; column_shadow=&#8220;none&#8220; column_border_radius=&#8220;none&#8220; column_link_target=&#8220;_self&#8220; column_position=&#8220;default&#8220; gradient_direction=&#8220;left_to_right&#8220; overlay_strength=&#8220;0.3&#8243; width=&#8220;2\/3&#8243; tablet_width_inherit=&#8220;default&#8220; animation_type=&#8220;default&#8220; bg_image_animation=&#8220;none&#8220; border_type=&#8220;simple&#8220; column_border_width=&#8220;none&#8220; column_border_style=&#8220;solid&#8220;][vc_column_text]Im allgemeinen politischen Diskurs in Deutschland wird zunehmend vom \u201eRechtsruck\u201c gesprochen. Ein einheitlicher Indikator f\u00fcr den sogenannten Rechtsruck existiert nicht, jedoch lassen Wahlergebnisse, insbesondere auf Kommunalebene, eine Zunahme rechter Einstellungen vermuten. Auch im letzten Jahr erreichten rechte Parteien h\u00f6here Zustimmungswerte, vor allem aus der j\u00fcngeren Generation. Doch wer sind die jungen Leute, die sich rechten Parteien und Organisationen anschlie\u00dfen?<\/p>\n\n<p>Hinsichtlich dieser Entwicklung lud die Humboldtschule am 09.12.2024 zwei Journalisten zu einem Panel in die Humboldtschule ein. Simon Raulf ist studierter Politikwissenschaftler und Lektor, welcher seit 2016 in Leipzig lebt. Seit 2017 engagiert er sich ehrenamtlich bei dem Projekt \u201echronik.LE\u201c. Dabei handelt es sich um ein Dokumentationsprojekt mit dem Ziel, neonazistische, rassistische und diskriminierende Aktivit\u00e4ten in und um Leipzig zu sammeln und zu analysieren. Auch pers\u00f6nliche Erfahrungen mit der rechtsextremen Szene, vor allem in l\u00e4ndlichen Regionen, k\u00f6nnen Menschen dazu motivieren, sich mit der Thematik des Rechtsextremismus n\u00e4her auseinanderzusetzen. Dies beweist der zweite Gast, Henrik Merker, welcher als freier Journalist unter anderem f\u00fcr Zeit Online arbeitet. Dar\u00fcber hinaus ist er f\u00fcr SternTV t\u00e4tig, wo er durch seine investigativen Recherchen und seine Undercover-Arbeit mit verschiedenen rechtsextremen Gruppen in Kontakt kam.<\/p>\n\n<p>In dem 90-min\u00fctigen Panel gingen Henrik Merker sowie Simon Raulf auf die Unsch\u00e4rfe verschiedener Begriffe ein und betrachteten das Ph\u00e4nomen des Rechtsrucks. Auch die lokale Situation in Leipzig wurde von den Journalisten eingesch\u00e4tzt. Neben Rechtsextremismus im Sport wurden auch die Social-Media-Strategien rechter Organisationen und ihre zunehmende Anwerbung junger Mitglieder beleuchtet. Da mag es den ein oder anderen \u00fcberrascht haben, dass meist Jugendliche aus der Mittelschicht mit wohlhabenden Eltern oft anf\u00e4llig f\u00fcr rechtes Gedankengut sind.<\/p>\n\n<p>Neben moderierten Fragen wurde den Sch\u00fclerinnen und Sch\u00fclern die M\u00f6glichkeit geboten, eigene Fragen zu stellen. Diese erstreckten sich \u00fcber Burschenschaften, die n\u00e4chste Bundestagswahl bis \u00fcber ein m\u00f6gliches AfD-Parteiverbotsverfahren.<\/p>\n\n<p>Dank der zahlreichen Fragen und der Expertise der Journalisten wurde den Sch\u00fclerinnen und Sch\u00fclern ein umfassender Einblick in die rechtsextreme Szene in Sachsen und Deutschland geboten. Zum Abschluss betonten beide Experten die gro\u00dfe Bedeutung politischer Partizipation und die Notwendigkeit, sich aktiv f\u00fcr den Erhalt und die St\u00e4rkung der Demokratie einzusetzen.<\/p>\n\n<p>Autorin: Anna Uhlmann (Klasse 12)<\/p>\n[\/vc_column_text][\/vc_column][vc_column column_padding=&#8220;no-extra-padding&#8220; column_padding_tablet=&#8220;inherit&#8220; column_padding_phone=&#8220;inherit&#8220; column_padding_position=&#8220;all&#8220; column_element_direction_desktop=&#8220;default&#8220; column_element_spacing=&#8220;default&#8220; desktop_text_alignment=&#8220;default&#8220; tablet_text_alignment=&#8220;default&#8220; phone_text_alignment=&#8220;default&#8220; background_color_opacity=&#8220;1&#8243; background_hover_color_opacity=&#8220;1&#8243; column_backdrop_filter=&#8220;none&#8220; column_shadow=&#8220;none&#8220; column_border_radius=&#8220;none&#8220; column_link_target=&#8220;_self&#8220; column_position=&#8220;default&#8220; gradient_direction=&#8220;left_to_right&#8220; overlay_strength=&#8220;0.3&#8243; width=&#8220;1\/3&#8243; tablet_width_inherit=&#8220;default&#8220; animation_type=&#8220;default&#8220; bg_image_animation=&#8220;none&#8220; border_type=&#8220;simple&#8220; column_border_width=&#8220;none&#8220; column_border_style=&#8220;solid&#8220;][image_with_animation image_url=&#8220;1708&#8243; image_size=&#8220;full&#8220; animation_type=&#8220;entrance&#8220; animation=&#8220;None&#8220; animation_movement_type=&#8220;transform_y&#8220; hover_animation=&#8220;none&#8220; alignment=&#8220;&#8220; img_link_large=&#8220;yes&#8220; border_radius=&#8220;none&#8220; box_shadow=&#8220;medium_depth&#8220; image_loading=&#8220;default&#8220; max_width=&#8220;100%&#8220; max_width_mobile=&#8220;default&#8220;][\/vc_column][\/vc_row]\n","protected":false},"excerpt":{"rendered":"<p>[vc_row type=&#8220;in_container&#8220; full_screen_row_position=&#8220;middle&#8220; column_margin=&#8220;default&#8220; column_direction=&#8220;default&#8220; column_direction_tablet=&#8220;default&#8220; column_direction_phone=&#8220;default&#8220; scene_position=&#8220;center&#8220; text_color=&#8220;dark&#8220; text_align=&#8220;left&#8220; row_border_radius=&#8220;none&#8220; row_border_radius_applies=&#8220;bg&#8220; overflow=&#8220;visible&#8220; overlay_strength=&#8220;0.3&#8243; gradient_direction=&#8220;left_to_right&#8220; shape_divider_position=&#8220;bottom&#8220; bg_image_animation=&#8220;none&#8220;][vc_column column_padding=&#8220;no-extra-padding&#8220; column_padding_tablet=&#8220;inherit&#8220; column_padding_phone=&#8220;inherit&#8220; column_padding_position=&#8220;all&#8220; column_element_direction_desktop=&#8220;default&#8220; column_element_spacing=&#8220;default&#8220; desktop_text_alignment=&#8220;default&#8220; tablet_text_alignment=&#8220;default&#8220; phone_text_alignment=&#8220;default&#8220; background_color_opacity=&#8220;1&#8243; background_hover_color_opacity=&#8220;1&#8243; column_backdrop_filter=&#8220;none&#8220; column_shadow=&#8220;none&#8220;&#8230;<\/p>\n","protected":false},"author":2,"featured_media":1708,"comment_status":"closed","ping_status":"open","sticky":false,"template":"","format":"standard","meta":{"footnotes":""},"categories":[13],"tags":[32],"class_list":["post-1706","post","type-post","status-publish","format-standard","has-post-thumbnail","category-gesellschaftswissenschaft","tag-24-25"],"_links":{"self":[{"href":"https:\/\/www.sachsen.schule\/~humboldt-leipzig\/wp-json\/wp\/v2\/posts\/1706","targetHints":{"allow":["GET"]}}],"collection":[{"href":"https:\/\/www.sachsen.schule\/~humboldt-leipzig\/wp-json\/wp\/v2\/posts"}],"about":[{"href":"https:\/\/www.sachsen.schule\/~humboldt-leipzig\/wp-json\/wp\/v2\/types\/post"}],"author":[{"embeddable":true,"href":"https:\/\/www.sachsen.schule\/~humboldt-leipzig\/wp-json\/wp\/v2\/users\/2"}],"replies":[{"embeddable":true,"href":"https:\/\/www.sachsen.schule\/~humboldt-leipzig\/wp-json\/wp\/v2\/comments?post=1706"}],"version-history":[{"count":2,"href":"https:\/\/www.sachsen.schule\/~humboldt-leipzig\/wp-json\/wp\/v2\/posts\/1706\/revisions"}],"predecessor-version":[{"id":1709,"href":"https:\/\/www.sachsen.schule\/~humboldt-leipzig\/wp-json\/wp\/v2\/posts\/1706\/revisions\/1709"}],"wp:featuredmedia":[{"embeddable":true,"href":"https:\/\/www.sachsen.schule\/~humboldt-leipzig\/wp-json\/wp\/v2\/media\/1708"}],"wp:attachment":[{"href":"https:\/\/www.sachsen.schule\/~humboldt-leipzig\/wp-json\/wp\/v2\/media?parent=1706"}],"wp:term":[{"taxonomy":"category","embeddable":true,"href":"https:\/\/www.sachsen.schule\/~humboldt-leipzig\/wp-json\/wp\/v2\/categories?post=1706"},{"taxonomy":"post_tag","embeddable":true,"href":"https:\/\/www.sachsen.schule\/~humboldt-leipzig\/wp-json\/wp\/v2\/tags?post=1706"}],"curies":[{"name":"wp","href":"https:\/\/api.w.org\/{rel}","templated":true}]}}